{"id":407,"date":"2009-08-14T18:27:32","date_gmt":"2009-08-14T16:27:32","guid":{"rendered":"http:\/\/differentialdiagnose.gerndesign.de\/?p=407"},"modified":"2009-08-14T18:29:33","modified_gmt":"2009-08-14T16:29:33","slug":"der-diderot-effekt","status":"publish","type":"post","link":"http:\/\/differentialdiagnose.gerndesign.de\/index.php\/der-diderot-effekt\/","title":{"rendered":"Der Diderot-Effekt"},"content":{"rendered":"<p>Wo ich doch gerade das Gef\u00fchl hatte, mir zu meinem MacBook einen mstand kaufen zu m\u00fcssen und dies dann auch in die Tat umgesetzt habe. Wo ich zu meinem HD-Camcorder eine etwas teurere SDHC-Karte kaufen musste, weil die g\u00fcnstigere bereits nach einem Tag die Gr\u00e4tsche gemacht hat. Und dann auch noch wo ich das Gef\u00fchl habe, zu einem HD-Camcorder br\u00e4uchte es eigentlich auch einen HD-Fernseher, da kann ich ja mal auf einen bereits vor einiger Zeit <a href=\"http:\/\/www.zeit.de\/2009\/16\/Design-Diderot-16\">in der \u00bbZeit\u00ab erschienen Artikel<\/a> verweisen, der sich mit genau diesem Ph\u00e4nomen besch\u00e4ftigt. J\u00fcrgen v. Rutenberg beschreibt dort n\u00e4mlich genau, wie es kommt, dass Gegenst\u00e4nde Macht \u00fcber uns erlangen und dann nach anderen, neuen Gegenst\u00e4nden verlangen.<\/p>\n<p>Oder um ein wenig allgemein zug\u00e4ngliches Wissen zu zitieren:<\/p>\n<blockquote><p>Der Diderot-Effekt ist ein Begriff aus der Konsumforschung.<\/p>\n<p>Er beschreibt, wie Menschen, nachdem sie einen Gegenstand gekauft haben, in den Zwang geraten k\u00f6nnen, weitere K\u00e4ufe zu t\u00e4tigen, um ein passendes Gesamtbild zu schaffen.<\/p>\n<p>Jemand kauft zum Beispiel einen neuen Sessel, der farblich nicht zu den vorhandenen Sesseln in seiner Wohnung passt. Dadurch ger\u00e4t er in den psychologischen Zwang, auch die vorhandenen restlichen Sessel durch ins Gesamtbild passende zu ersetzen. Dadurch passt dann aber beispielsweise der Schrank nicht mehr ins Gesamtbild und auch er muss ersetzt werden usw.<\/p>\n<p>Die Bezeichnung geht auf Denis Diderot zur\u00fcck, der in einem Aufsatz sagt: &#8222;Mein alter Hausrock und der ganze Plunder, mit dem ich mich eingerichtet hatte \u2013 wie gut pa\u00dft eins zum anderen! [&#8230;]&#8220;.<\/p>\n<p>\u2013 <a href=\"http:\/\/de.wikipedia.org\/wiki\/Diderot-Effekt\">http:\/\/de.wikipedia.org\/wiki\/Diderot-Effekt<\/a><\/p><\/blockquote>\n","protected":false},"excerpt":{"rendered":"<p>Wo ich doch gerade das Gef\u00fchl hatte, mir zu meinem MacBook einen mstand kaufen zu m\u00fcssen und dies dann auch in die Tat umgesetzt habe. Wo ich zu meinem HD-Camcorder eine etwas teurere SDHC-Karte kaufen musste, weil die g\u00fcnstigere bereits nach einem Tag die Gr\u00e4tsche gemacht hat. Und dann auch noch wo ich das Gef\u00fchl &hellip; <\/p>\n<p class=\"link-more\"><a href=\"http:\/\/differentialdiagnose.gerndesign.de\/index.php\/der-diderot-effekt\/\" class=\"more-link\"><span class=\"screen-reader-text\">\u201eDer Diderot-Effekt\u201c<\/span> weiterlesen<\/a><\/p>\n","protected":false},"author":4,"featured_media":0,"comment_status":"open","ping_status":"closed","sticky":false,"template":"","format":"standard","meta":{"jetpack_post_was_ever_published":false,"_jetpack_newsletter_access":"","_jetpack_dont_email_post_to_subs":false,"_jetpack_newsletter_tier_id":0,"_jetpack_memberships_contains_paywalled_content":false,"_jetpack_memberships_contains_paid_content":false,"footnotes":"","jetpack_publicize_message":"","jetpack_publicize_feature_enabled":true,"jetpack_social_post_already_shared":false,"jetpack_social_options":{"image_generator_settings":{"template":"highway","default_image_id":0,"enabled":false},"version":2}},"categories":[4,13,16,208],"tags":[217,216,218],"class_list":["post-407","post","type-post","status-publish","format-standard","hentry","category-artikel","category-kultur","category-technik","category-zitat","tag-diderot","tag-diderot-effekt","tag-kaufe","entry"],"jetpack_publicize_connections":[],"jetpack_featured_media_url":"","jetpack_shortlink":"https:\/\/wp.me\/p26TYT-6z","jetpack_sharing_enabled":true,"jetpack-related-posts":[],"_links":{"self":[{"href":"http:\/\/differentialdiagnose.gerndesign.de\/index.php\/wp-json\/wp\/v2\/posts\/407","targetHints":{"allow":["GET"]}}],"collection":[{"href":"http:\/\/differentialdiagnose.gerndesign.de\/index.php\/wp-json\/wp\/v2\/posts"}],"about":[{"href":"http:\/\/differentialdiagnose.gerndesign.de\/index.php\/wp-json\/wp\/v2\/types\/post"}],"author":[{"embeddable":true,"href":"http:\/\/differentialdiagnose.gerndesign.de\/index.php\/wp-json\/wp\/v2\/users\/4"}],"replies":[{"embeddable":true,"href":"http:\/\/differentialdiagnose.gerndesign.de\/index.php\/wp-json\/wp\/v2\/comments?post=407"}],"version-history":[{"count":3,"href":"http:\/\/differentialdiagnose.gerndesign.de\/index.php\/wp-json\/wp\/v2\/posts\/407\/revisions"}],"predecessor-version":[{"id":410,"href":"http:\/\/differentialdiagnose.gerndesign.de\/index.php\/wp-json\/wp\/v2\/posts\/407\/revisions\/410"}],"wp:attachment":[{"href":"http:\/\/differentialdiagnose.gerndesign.de\/index.php\/wp-json\/wp\/v2\/media?parent=407"}],"wp:term":[{"taxonomy":"category","embeddable":true,"href":"http:\/\/differentialdiagnose.gerndesign.de\/index.php\/wp-json\/wp\/v2\/categories?post=407"},{"taxonomy":"post_tag","embeddable":true,"href":"http:\/\/differentialdiagnose.gerndesign.de\/index.php\/wp-json\/wp\/v2\/tags?post=407"}],"curies":[{"name":"wp","href":"https:\/\/api.w.org\/{rel}","templated":true}]}}