{"id":279,"date":"2008-11-12T19:53:52","date_gmt":"2008-11-12T17:53:52","guid":{"rendered":"http:\/\/differentialdiagnose.gerndesign.de\/?p=279"},"modified":"2008-11-12T19:53:52","modified_gmt":"2008-11-12T17:53:52","slug":"gone-with-the-time","status":"publish","type":"post","link":"http:\/\/differentialdiagnose.gerndesign.de\/index.php\/gone-with-the-time\/","title":{"rendered":"Gone with the time"},"content":{"rendered":"<p>So. Damit habe ich dann endlich auch mal eine unglaublich schlechte &#8222;Vom Winde verweht&#8220;-Anspielung verbraten und kann die dann auf meinen to-do-Zettel schreiben, um wieder etwas zum abhaken zu haben.<\/p>\n<p>Es geht also darum mit der Zeit zu gehen, das ist eine zusehends schwerer werdende Geschichte und man merkt doch, dass man da eher wie die Generationen der Eltern und Gro\u00dfeltern wird. Ach, das stimmt vielleicht auch nicht. Aber wenn ich jetzt davon t\u00f6nte, wie hei\u00df und angesagt <a title=\"twitter\" href=\"http:\/\/twitter.com\" target=\"_blank\">twitter<\/a> ist, dann k\u00e4me ich mir doch schon ein wenig komisch vor. Also sage ich mir, dass man, wenn man schon nicht mit der Zeit gehen kann, doch wenigsten der Zeit nachgehen kann. Und so habe ich dann mal eben einen twitter-account f\u00fcr <a title=\"Differentialdiagnose bei twitter\" href=\"http:\/\/twitter.com\/diffdiag\" target=\"_blank\">Differentialdiagnose<\/a> angelegt, wo wir immer mal wieder \u00fcber Neuigkeiten oder einfach nur neue Beitr\u00e4ge informieren. Im Wesentlichen einfach nur, weil wir das k\u00f6nnen. Und ja, das kann hier gern als <a title=\"oestberlin.de\" href=\"http:\/\/oestberlin.de\" target=\"_blank\">oestberlin<\/a>-Seitenhieb verstanden werden. In Zeiten, in denen man sich fragt, ob man das hier tats\u00e4chlich nur f\u00fcr sich selbst macht oder wenigstens wie in der Schule f\u00fcr eine gewisse Anzahl Lehrer schreibt tut ein wenig beef und Ansporn sicher gut. Will sagen: Johannes, ich hab gesehen, dass oestberlin noch lebt, wir tun das hier auch, hoffe ich&#8230;<\/p>\n","protected":false},"excerpt":{"rendered":"<p>So. Damit habe ich dann endlich auch mal eine unglaublich schlechte &#8222;Vom Winde verweht&#8220;-Anspielung verbraten und kann die dann auf meinen to-do-Zettel schreiben, um wieder etwas zum abhaken zu haben. Es geht also darum mit der Zeit zu gehen, das ist eine zusehends schwerer werdende Geschichte und man merkt doch, dass man da eher wie &hellip; <\/p>\n<p class=\"link-more\"><a href=\"http:\/\/differentialdiagnose.gerndesign.de\/index.php\/gone-with-the-time\/\" class=\"more-link\"><span class=\"screen-reader-text\">\u201eGone with the time\u201c<\/span> weiterlesen<\/a><\/p>\n","protected":false},"author":4,"featured_media":0,"comment_status":"open","ping_status":"open","sticky":false,"template":"","format":"standard","meta":{"jetpack_post_was_ever_published":false,"_jetpack_newsletter_access":"","_jetpack_dont_email_post_to_subs":false,"_jetpack_newsletter_tier_id":0,"_jetpack_memberships_contains_paywalled_content":false,"_jetpack_memberships_contains_paid_content":false,"footnotes":"","jetpack_publicize_message":"","jetpack_publicize_feature_enabled":true,"jetpack_social_post_already_shared":false,"jetpack_social_options":{"image_generator_settings":{"template":"highway","default_image_id":0,"enabled":false},"version":2}},"categories":[8,9],"tags":[31,118,128,175,181],"class_list":["post-279","post","type-post","status-publish","format-standard","hentry","category-differentialdiagnose","category-digital","tag-beef","tag-mit-der-zeit-gehen","tag-oestberlin","tag-twitter","tag-vom-winde-verweht","entry"],"jetpack_publicize_connections":[],"jetpack_featured_media_url":"","jetpack_shortlink":"https:\/\/wp.me\/p26TYT-4v","jetpack_sharing_enabled":true,"jetpack-related-posts":[],"_links":{"self":[{"href":"http:\/\/differentialdiagnose.gerndesign.de\/index.php\/wp-json\/wp\/v2\/posts\/279","targetHints":{"allow":["GET"]}}],"collection":[{"href":"http:\/\/differentialdiagnose.gerndesign.de\/index.php\/wp-json\/wp\/v2\/posts"}],"about":[{"href":"http:\/\/differentialdiagnose.gerndesign.de\/index.php\/wp-json\/wp\/v2\/types\/post"}],"author":[{"embeddable":true,"href":"http:\/\/differentialdiagnose.gerndesign.de\/index.php\/wp-json\/wp\/v2\/users\/4"}],"replies":[{"embeddable":true,"href":"http:\/\/differentialdiagnose.gerndesign.de\/index.php\/wp-json\/wp\/v2\/comments?post=279"}],"version-history":[{"count":0,"href":"http:\/\/differentialdiagnose.gerndesign.de\/index.php\/wp-json\/wp\/v2\/posts\/279\/revisions"}],"wp:attachment":[{"href":"http:\/\/differentialdiagnose.gerndesign.de\/index.php\/wp-json\/wp\/v2\/media?parent=279"}],"wp:term":[{"taxonomy":"category","embeddable":true,"href":"http:\/\/differentialdiagnose.gerndesign.de\/index.php\/wp-json\/wp\/v2\/categories?post=279"},{"taxonomy":"post_tag","embeddable":true,"href":"http:\/\/differentialdiagnose.gerndesign.de\/index.php\/wp-json\/wp\/v2\/tags?post=279"}],"curies":[{"name":"wp","href":"https:\/\/api.w.org\/{rel}","templated":true}]}}