{"id":154,"date":"2008-02-09T15:09:39","date_gmt":"2008-02-09T13:09:39","guid":{"rendered":"http:\/\/differentialdiagnose.gerndesign.de\/?p=154"},"modified":"2008-02-09T15:09:39","modified_gmt":"2008-02-09T13:09:39","slug":"nomens-land","status":"publish","type":"post","link":"http:\/\/differentialdiagnose.gerndesign.de\/index.php\/nomens-land\/","title":{"rendered":"Nomen&#039;s land"},"content":{"rendered":"<p>Das <a href=\"http:\/\/www.spiegel.de\/international\/zeitgeist\/0,1518,534018,00.html\" title=\"Philip Roth \/ Spiegel\" target=\"_blank\">Spiegel-Interview mit Philip Roth<\/a> und die \u00fcber Technorati herausgefundenen 0 Fans unseres kleinen Experimentes hier, haben mir eines wieder mal vor Augen gef\u00fchrt. Wir m\u00fcssen pers\u00f6nlicher werden, mehr preisgeben oder zumindest so tun. Und wie kann man gut so tun und sich doch immer wieder herausziehen? Richtig! Mit einem Alter Ego. Aber so eines sollte gut durchdacht sein, also in erste Linie der Name, denn auf lange Sicht kann man mit einfachen Wortspielen nicht gl\u00fccklich werden und 08\/15 hilft einem auch nicht weiter. Deshalb gebe ich hier einfach mal eine Liste der letzten Spa\u00dfnamen, dann sind die raus aus dem Kopf und dieser frei f\u00fcr eine langlebige Kunstfigur. Nathan Zuckerman, du wirst nicht mehr allein sein!<\/p>\n<ul>\n<li>Manni K\u00fcre<\/li>\n<li>Anna Fylaxi<\/li>\n<li>Arni Malysz (der Bruder des Skispringers Adam!)<\/li>\n<li>Meks-de-W\u00f6rltgoraunt, Manni Meks-de-W\u00f6rltgoraunt<\/li>\n<\/ul>\n","protected":false},"excerpt":{"rendered":"<p>Das Spiegel-Interview mit Philip Roth und die \u00fcber Technorati herausgefundenen 0 Fans unseres kleinen Experimentes hier, haben mir eines wieder mal vor Augen gef\u00fchrt. Wir m\u00fcssen pers\u00f6nlicher werden, mehr preisgeben oder zumindest so tun. Und wie kann man gut so tun und sich doch immer wieder herausziehen? Richtig! Mit einem Alter Ego. Aber so eines &hellip; <\/p>\n<p class=\"link-more\"><a href=\"http:\/\/differentialdiagnose.gerndesign.de\/index.php\/nomens-land\/\" class=\"more-link\"><span class=\"screen-reader-text\">\u201eNomen&#039;s land\u201c<\/span> weiterlesen<\/a><\/p>\n","protected":false},"author":4,"featured_media":0,"comment_status":"open","ping_status":"open","sticky":false,"template":"","format":"standard","meta":{"jetpack_post_was_ever_published":false,"_jetpack_newsletter_access":"","_jetpack_dont_email_post_to_subs":false,"_jetpack_newsletter_tier_id":0,"_jetpack_memberships_contains_paywalled_content":false,"_jetpack_memberships_contains_paid_content":false,"footnotes":"","jetpack_publicize_message":"","jetpack_publicize_feature_enabled":true,"jetpack_social_post_already_shared":false,"jetpack_social_options":{"image_generator_settings":{"template":"highway","default_image_id":0,"enabled":false},"version":2}},"categories":[8],"tags":[85],"class_list":["post-154","post","type-post","status-publish","format-standard","hentry","category-differentialdiagnose","tag-idee-fur-eine-geschichte","entry"],"jetpack_publicize_connections":[],"jetpack_featured_media_url":"","jetpack_shortlink":"https:\/\/wp.me\/p26TYT-2u","jetpack_sharing_enabled":true,"jetpack-related-posts":[],"_links":{"self":[{"href":"http:\/\/differentialdiagnose.gerndesign.de\/index.php\/wp-json\/wp\/v2\/posts\/154","targetHints":{"allow":["GET"]}}],"collection":[{"href":"http:\/\/differentialdiagnose.gerndesign.de\/index.php\/wp-json\/wp\/v2\/posts"}],"about":[{"href":"http:\/\/differentialdiagnose.gerndesign.de\/index.php\/wp-json\/wp\/v2\/types\/post"}],"author":[{"embeddable":true,"href":"http:\/\/differentialdiagnose.gerndesign.de\/index.php\/wp-json\/wp\/v2\/users\/4"}],"replies":[{"embeddable":true,"href":"http:\/\/differentialdiagnose.gerndesign.de\/index.php\/wp-json\/wp\/v2\/comments?post=154"}],"version-history":[{"count":0,"href":"http:\/\/differentialdiagnose.gerndesign.de\/index.php\/wp-json\/wp\/v2\/posts\/154\/revisions"}],"wp:attachment":[{"href":"http:\/\/differentialdiagnose.gerndesign.de\/index.php\/wp-json\/wp\/v2\/media?parent=154"}],"wp:term":[{"taxonomy":"category","embeddable":true,"href":"http:\/\/differentialdiagnose.gerndesign.de\/index.php\/wp-json\/wp\/v2\/categories?post=154"},{"taxonomy":"post_tag","embeddable":true,"href":"http:\/\/differentialdiagnose.gerndesign.de\/index.php\/wp-json\/wp\/v2\/tags?post=154"}],"curies":[{"name":"wp","href":"https:\/\/api.w.org\/{rel}","templated":true}]}}