{"id":150,"date":"2008-01-09T11:56:28","date_gmt":"2008-01-09T09:56:28","guid":{"rendered":"http:\/\/differentialdiagnose.gerndesign.de\/?p=150"},"modified":"2008-01-09T11:56:28","modified_gmt":"2008-01-09T09:56:28","slug":"was-wrde-helmut-tun","status":"publish","type":"post","link":"http:\/\/differentialdiagnose.gerndesign.de\/index.php\/was-wrde-helmut-tun\/","title":{"rendered":"Was w&#252;rde Helmut tun?"},"content":{"rendered":"<p>Sind wir tot oder offline? F\u00e4llt uns nichts mehr ein? Gibt es tats\u00e4chlich nichts mehr auf der Welt, \u00fcber das wir uns aufregen k\u00f6nnten? Nein zu allem dreien.<br \/>Die Sache scheint anders zu liegen. Viel zu tun hat wohl jeder heutzutage, deshalb ist es eine schlechte Ausrede. Was uns dann vor die Frage stellen sollte: Ausrede suchen oder einfach \u00fcbergehen? Aussitzen wie Altkanzler Kohl? Man wei\u00df es nicht, denn bekanntlich steckt man nicht drin. Alles, was wir tun k\u00f6nnen, ist Besserung zu versprechen. Oder auch auf Projekte hinzuweisen, die einen gewissen Teil der Arbeitszeit in Anspruch nehmen.<\/p>\n<p><a href=\"http:\/\/mailartists.wordpress.com\/\">Mail Artists&#8216; Index<\/a> &#8211; In einem Satz kaum gut beschreibbar, aber wer sich f\u00fcr Postkunst und das darum entstandene Netzwerk interessiert findet hier vielleicht ein paar ganz spannende Eindr\u00fccke dazu.<\/p>\n<p><a href=\"http:\/\/ausdertraum.wordpress.com\/\">Aus der Traum? K\u00fcnstlerische Aufbr\u00fcche und Reflexionen seit &#8217;68<\/a> &#8211; Eine kleine Ausstellungsreihe in der Galerie Parterre und der Brotfabrik, auch hier ein Querverweis zur Mail Art mit Robert Rehfeldt, der als n\u00e4chstes ausgestellt wird.<\/p>\n<p>Ansonsten gibt es nat\u00fcrlich noch ein paar weitere Projekte, an denen wir arbeiten, zum Teil genie\u00dfen diese aber einen Status, der es unsinnig machen w\u00fcrde, dar\u00fcber zu berichten. Sollte sich dort alles zum Guten wenden, berichten wir aber sicherlich dar\u00fcber. So lange nehme man dies hier bitte als ein Lebenszeichen und vergn\u00fcge sich mit den Nebenprojekten. Wenn uns dazu noch weiteres einf\u00e4llt, reichen wir dies als Inspiration f\u00fcr die noch recht kurzen Tage nach.<\/p>\n","protected":false},"excerpt":{"rendered":"<p>Sind wir tot oder offline? F\u00e4llt uns nichts mehr ein? Gibt es tats\u00e4chlich nichts mehr auf der Welt, \u00fcber das wir uns aufregen k\u00f6nnten? Nein zu allem dreien.Die Sache scheint anders zu liegen. Viel zu tun hat wohl jeder heutzutage, deshalb ist es eine schlechte Ausrede. Was uns dann vor die Frage stellen sollte: Ausrede &hellip; <\/p>\n<p class=\"link-more\"><a href=\"http:\/\/differentialdiagnose.gerndesign.de\/index.php\/was-wrde-helmut-tun\/\" class=\"more-link\"><span class=\"screen-reader-text\">\u201eWas w&#252;rde Helmut tun?\u201c<\/span> weiterlesen<\/a><\/p>\n","protected":false},"author":4,"featured_media":0,"comment_status":"open","ping_status":"open","sticky":false,"template":"","format":"standard","meta":{"jetpack_post_was_ever_published":false,"_jetpack_newsletter_access":"","_jetpack_dont_email_post_to_subs":false,"_jetpack_newsletter_tier_id":0,"_jetpack_memberships_contains_paywalled_content":false,"_jetpack_memberships_contains_paid_content":false,"footnotes":"","jetpack_publicize_message":"","jetpack_publicize_feature_enabled":true,"jetpack_social_post_already_shared":false,"jetpack_social_options":{"image_generator_settings":{"template":"highway","default_image_id":0,"enabled":false},"version":2}},"categories":[1,2],"tags":[],"class_list":["post-150","post","type-post","status-publish","format-standard","hentry","category-allgemein","category-blogroll","entry"],"jetpack_publicize_connections":[],"jetpack_featured_media_url":"","jetpack_shortlink":"https:\/\/wp.me\/p26TYT-2q","jetpack_sharing_enabled":true,"jetpack-related-posts":[],"_links":{"self":[{"href":"http:\/\/differentialdiagnose.gerndesign.de\/index.php\/wp-json\/wp\/v2\/posts\/150","targetHints":{"allow":["GET"]}}],"collection":[{"href":"http:\/\/differentialdiagnose.gerndesign.de\/index.php\/wp-json\/wp\/v2\/posts"}],"about":[{"href":"http:\/\/differentialdiagnose.gerndesign.de\/index.php\/wp-json\/wp\/v2\/types\/post"}],"author":[{"embeddable":true,"href":"http:\/\/differentialdiagnose.gerndesign.de\/index.php\/wp-json\/wp\/v2\/users\/4"}],"replies":[{"embeddable":true,"href":"http:\/\/differentialdiagnose.gerndesign.de\/index.php\/wp-json\/wp\/v2\/comments?post=150"}],"version-history":[{"count":0,"href":"http:\/\/differentialdiagnose.gerndesign.de\/index.php\/wp-json\/wp\/v2\/posts\/150\/revisions"}],"wp:attachment":[{"href":"http:\/\/differentialdiagnose.gerndesign.de\/index.php\/wp-json\/wp\/v2\/media?parent=150"}],"wp:term":[{"taxonomy":"category","embeddable":true,"href":"http:\/\/differentialdiagnose.gerndesign.de\/index.php\/wp-json\/wp\/v2\/categories?post=150"},{"taxonomy":"post_tag","embeddable":true,"href":"http:\/\/differentialdiagnose.gerndesign.de\/index.php\/wp-json\/wp\/v2\/tags?post=150"}],"curies":[{"name":"wp","href":"https:\/\/api.w.org\/{rel}","templated":true}]}}