{"id":1414,"date":"2015-12-31T12:00:18","date_gmt":"2015-12-31T10:00:18","guid":{"rendered":"http:\/\/differentialdiagnose.gerndesign.de\/?p=1414"},"modified":"2016-02-15T13:00:54","modified_gmt":"2016-02-15T11:00:54","slug":"dwl003-sauber-werden","status":"publish","type":"post","link":"http:\/\/differentialdiagnose.gerndesign.de\/index.php\/dwl003-sauber-werden\/","title":{"rendered":"DWL003 \u2013 Sauber werden"},"content":{"rendered":"<p>Ein an Witzen armes Jahr n\u00e4hert sich dem Ende. Anbei eine Zusammenfassung.<\/p>\n<p>Und f\u00fcr den interessierten H\u00f6rer, hier die erw\u00e4hnten Hyperlinks:<\/p>\n<p>Bist Du behindert? \u2013 <a href=\"http:\/\/youtu.be\/Or4jKQYg8dM\">http:\/\/youtu.be\/Or4jKQYg8dM<br \/>\n<\/a>Egal wie Witze \u2013 <a href=\"http:\/\/egal-wie-witze.de\">http:\/\/egal-wie-witze.de<br \/>\n<\/a>Fips Asmussen Challenge!? \u2013 <a href=\"http:\/\/bit.ly\/1oiE2Je\">http:\/\/bit.ly\/1oiE2Je<\/a><a href=\"http:\/\/fips-asmussen.blogspot.de\/2010\/11\/witzrunde-nr-1.html\"><br \/>\n<\/a>Buzzfeed Flachwitze \u2013 <a href=\"http:\/\/bzfd.it\/1PMc7rS\">http:\/\/bzfd.it\/1PMc7rS<\/a><a href=\"http:\/\/www.buzzfeed.com\/sebastianfiebrig\/flachwitze-bei-denen-du-sofort-lachen-musst-obwohl-du-nicht#.tlEmGxrP8\"><br \/>\n<\/a>Seagull With Diarrhea Barely Makes It To Crowded Beach In Time \u2013\u00a0<a href=\"http:\/\/onion.com\/1GtV6wy\">http:\/\/onion.com\/1GtV6wy<\/a><\/p>\n","protected":false},"excerpt":{"rendered":"<p>Ein an Witzen armes Jahr n\u00e4hert sich dem Ende. Anbei eine Zusammenfassung. Und f\u00fcr den interessierten H\u00f6rer, hier die erw\u00e4hnten Hyperlinks: Bist Du behindert? \u2013 http:\/\/youtu.be\/Or4jKQYg8dM Egal wie Witze \u2013 http:\/\/egal-wie-witze.de Fips Asmussen Challenge!? \u2013 http:\/\/bit.ly\/1oiE2Je Buzzfeed Flachwitze \u2013 http:\/\/bzfd.it\/1PMc7rS Seagull With Diarrhea Barely Makes It To Crowded Beach In Time \u2013\u00a0http:\/\/onion.com\/1GtV6wy<\/p>\n","protected":false},"author":4,"featured_media":0,"comment_status":"open","ping_status":"open","sticky":false,"template":"","format":"standard","meta":{"jetpack_post_was_ever_published":false,"_jetpack_newsletter_access":"","_jetpack_dont_email_post_to_subs":false,"_jetpack_newsletter_tier_id":0,"_jetpack_memberships_contains_paywalled_content":false,"_jetpack_memberships_contains_paid_content":false,"footnotes":"","jetpack_publicize_message":"","jetpack_publicize_feature_enabled":true,"jetpack_social_post_already_shared":false,"jetpack_social_options":{"image_generator_settings":{"template":"highway","default_image_id":0,"enabled":false},"version":2}},"categories":[8,411,385],"tags":[],"class_list":["post-1414","post","type-post","status-publish","format-standard","hentry","category-differentialdiagnose","category-du-wirst-lachen","category-podcast","entry"],"jetpack_publicize_connections":[],"jetpack_featured_media_url":"","jetpack_shortlink":"https:\/\/wp.me\/p26TYT-mO","jetpack_sharing_enabled":true,"jetpack-related-posts":[],"_links":{"self":[{"href":"http:\/\/differentialdiagnose.gerndesign.de\/index.php\/wp-json\/wp\/v2\/posts\/1414","targetHints":{"allow":["GET"]}}],"collection":[{"href":"http:\/\/differentialdiagnose.gerndesign.de\/index.php\/wp-json\/wp\/v2\/posts"}],"about":[{"href":"http:\/\/differentialdiagnose.gerndesign.de\/index.php\/wp-json\/wp\/v2\/types\/post"}],"author":[{"embeddable":true,"href":"http:\/\/differentialdiagnose.gerndesign.de\/index.php\/wp-json\/wp\/v2\/users\/4"}],"replies":[{"embeddable":true,"href":"http:\/\/differentialdiagnose.gerndesign.de\/index.php\/wp-json\/wp\/v2\/comments?post=1414"}],"version-history":[{"count":4,"href":"http:\/\/differentialdiagnose.gerndesign.de\/index.php\/wp-json\/wp\/v2\/posts\/1414\/revisions"}],"predecessor-version":[{"id":1426,"href":"http:\/\/differentialdiagnose.gerndesign.de\/index.php\/wp-json\/wp\/v2\/posts\/1414\/revisions\/1426"}],"wp:attachment":[{"href":"http:\/\/differentialdiagnose.gerndesign.de\/index.php\/wp-json\/wp\/v2\/media?parent=1414"}],"wp:term":[{"taxonomy":"category","embeddable":true,"href":"http:\/\/differentialdiagnose.gerndesign.de\/index.php\/wp-json\/wp\/v2\/categories?post=1414"},{"taxonomy":"post_tag","embeddable":true,"href":"http:\/\/differentialdiagnose.gerndesign.de\/index.php\/wp-json\/wp\/v2\/tags?post=1414"}],"curies":[{"name":"wp","href":"https:\/\/api.w.org\/{rel}","templated":true}]}}