{"id":1121,"date":"2013-03-01T00:11:10","date_gmt":"2013-02-28T22:11:10","guid":{"rendered":"http:\/\/differentialdiagnose.gerndesign.de\/?p=1121"},"modified":"2013-03-01T10:03:36","modified_gmt":"2013-03-01T08:03:36","slug":"rentner-hangen-rum","status":"publish","type":"post","link":"http:\/\/differentialdiagnose.gerndesign.de\/index.php\/rentner-hangen-rum\/","title":{"rendered":"Rentner h\u00e4ngen rum"},"content":{"rendered":"<p>Urlaub im Altenheim<\/p>\n<p>Seine Mutter schunk uns eine Reise, eine Reise an den Ort unserer Wahl. Grunds\u00e4tzlich ein herrliches Angebot. Nat\u00fcrlich nahmen wir es wahr. Mir wurde aus Zeitmangel die Organisation \u00fcberlassen. Was nehmen wir da&#8230; Hm. Madrid, Malaga, Rom oder Lissabon? Malle! Geil, waren wir noch nie, ist bestimmt sch\u00f6n. Also gebucht los gehts. Bereits im Flugzeug fielen mir die zahlreichen alten Menschen auf. Eine beige Jacke neben der anderen, Sperrgut vor allem Rollatoren, dazwischen unser Kinderwagen. Ein Meer aus Wolken entpuppte sich als trockenshampooniertes welliges Kurzhaar. In der Auslage des Lesematerials am Flugzeugeingang gro\u00dfenteils &#8222;Lisa&#8220;, &#8222;Bild der Frau&#8220; und so langweiliger Billigmuttiescheiss.<br \/>\nNaja, ich dachte die Alten verw\u00e4ssern ja dann auf Land. Dem war nicht so. Im Transferbus zum Hotel, nur Alte. Eine Oma r\u00f6chelte um ihr Leben und ich dachte daran welche t\u00f6dliche Krankheit die wohl hier spazieren tr\u00e4gt, oder obs vielleicht chronisch ist? Egal, war eklig. Der Opa vor uns drehte sich immer mal nach unserem n\u00f6rgelnden Baby um, ich beachtete ihn nicht. Ich als Grossstadtkind beachte niemanden, auch das sollte sich \u00e4ndern.<\/p>\n<p>Naja, jedenfalls spuckte der Bus ein Rentnerehepaar nach dem anderen an eher h\u00e4sslichen Unterk\u00fcnften aus, ich bekam Angst. Ich hoffte unsere Unterkunft w\u00e4re sch\u00f6ner. Ich konnte mich nicht an das Gebuchte erinnern, zu viele Hotels im internet. Das letzte war nun unseres. 5 Sterne, hatte anscheinend beschlossen Schwiegermamas Geld in meinen Spass zu investieren.., soweit soooo gut. Ich fands super. Nach den ersten Erkundungstouren durch den Ort best\u00e4tigte sich der Verdacht, in einer der besseren Buden gelandet zu sein. Beim ersten Abendessen mussten wir feststellen, dass sich der Altersdurchschnitt in schwindeligen H\u00f6hen befand, 50 w\u00e4re hier noch jung. Das beste Beispiel waren Omma und Oppa die nur noch da sa\u00dfen und sich schweigend nicht mehr ansahen, sie sahen nicht mal mehr in die selbe Richtung. Mir schossen sofort m\u00f6gliche L\u00f6sungen f\u00fcr das Problem durch den Kopf. Aber dann fiehl mir ein, dass es sich vermutlich selbst erledigen wird. Ich \u00fcberlegte, was diese Menschen wohl f\u00fcr weise Dinge zu berichten wussten. Beim zweiten Abendessen durften wir dann an dieser Altersweisheit teilhaben. Mein lieber Lieber nahm unseren Sohn im Trageding auf den R\u00fccken weil er br\u00fcllte, als sich eine irre Alte mit praktischer Frisur auf ihn st\u00fcrzte und irgendwas von &#8222;unm\u00f6glich&#8220; und &#8220; das Kind geh\u00f6rt ins Bett, nich in das Ding und \u00fcberhaupt was ist denn das?&#8220; faselte. Dabei fummelte sie am kind rum und wurde rot. Danke liebe Alte f\u00fcr die Weisheit. Ochjeh, heute liegen wir in unseren Betten w\u00e4hrend sich die Alten unten in der Lobby dem Schlager d.J. hingeben. Heut Nacht werden sie wahrscheinlich alle \u00fcbereinander herfallen, Yolo man Yolo. Aber auch das Leben ist kurz, deren leben nat\u00fcrlich nicht. Das leben ist nur kurz, wenn man jung ist.<\/p>\n","protected":false},"excerpt":{"rendered":"<p>Urlaub im Altenheim Seine Mutter schunk uns eine Reise, eine Reise an den Ort unserer Wahl. Grunds\u00e4tzlich ein herrliches Angebot. Nat\u00fcrlich nahmen wir es wahr. Mir wurde aus Zeitmangel die Organisation \u00fcberlassen. Was nehmen wir da&#8230; Hm. Madrid, Malaga, Rom oder Lissabon? Malle! Geil, waren wir noch nie, ist bestimmt sch\u00f6n. Also gebucht los gehts. &hellip; <\/p>\n<p class=\"link-more\"><a href=\"http:\/\/differentialdiagnose.gerndesign.de\/index.php\/rentner-hangen-rum\/\" class=\"more-link\"><span class=\"screen-reader-text\">\u201eRentner h\u00e4ngen rum\u201c<\/span> weiterlesen<\/a><\/p>\n","protected":false},"author":6,"featured_media":0,"comment_status":"open","ping_status":"open","sticky":false,"template":"","format":"standard","meta":{"jetpack_post_was_ever_published":false,"_jetpack_newsletter_access":"","_jetpack_dont_email_post_to_subs":false,"_jetpack_newsletter_tier_id":0,"_jetpack_memberships_contains_paywalled_content":false,"_jetpack_memberships_contains_paid_content":false,"footnotes":"","jetpack_publicize_message":"","jetpack_publicize_feature_enabled":true,"jetpack_social_post_already_shared":true,"jetpack_social_options":{"image_generator_settings":{"template":"highway","default_image_id":0,"enabled":false},"version":2}},"categories":[8,13,396],"tags":[],"class_list":["post-1121","post","type-post","status-publish","format-standard","hentry","category-differentialdiagnose","category-kultur","category-reisen","entry"],"jetpack_publicize_connections":[],"jetpack_featured_media_url":"","jetpack_shortlink":"https:\/\/wp.me\/p26TYT-i5","jetpack_sharing_enabled":true,"jetpack-related-posts":[],"_links":{"self":[{"href":"http:\/\/differentialdiagnose.gerndesign.de\/index.php\/wp-json\/wp\/v2\/posts\/1121","targetHints":{"allow":["GET"]}}],"collection":[{"href":"http:\/\/differentialdiagnose.gerndesign.de\/index.php\/wp-json\/wp\/v2\/posts"}],"about":[{"href":"http:\/\/differentialdiagnose.gerndesign.de\/index.php\/wp-json\/wp\/v2\/types\/post"}],"author":[{"embeddable":true,"href":"http:\/\/differentialdiagnose.gerndesign.de\/index.php\/wp-json\/wp\/v2\/users\/6"}],"replies":[{"embeddable":true,"href":"http:\/\/differentialdiagnose.gerndesign.de\/index.php\/wp-json\/wp\/v2\/comments?post=1121"}],"version-history":[{"count":5,"href":"http:\/\/differentialdiagnose.gerndesign.de\/index.php\/wp-json\/wp\/v2\/posts\/1121\/revisions"}],"predecessor-version":[{"id":1126,"href":"http:\/\/differentialdiagnose.gerndesign.de\/index.php\/wp-json\/wp\/v2\/posts\/1121\/revisions\/1126"}],"wp:attachment":[{"href":"http:\/\/differentialdiagnose.gerndesign.de\/index.php\/wp-json\/wp\/v2\/media?parent=1121"}],"wp:term":[{"taxonomy":"category","embeddable":true,"href":"http:\/\/differentialdiagnose.gerndesign.de\/index.php\/wp-json\/wp\/v2\/categories?post=1121"},{"taxonomy":"post_tag","embeddable":true,"href":"http:\/\/differentialdiagnose.gerndesign.de\/index.php\/wp-json\/wp\/v2\/tags?post=1121"}],"curies":[{"name":"wp","href":"https:\/\/api.w.org\/{rel}","templated":true}]}}