{"id":1104,"date":"2013-02-08T10:32:06","date_gmt":"2013-02-08T08:32:06","guid":{"rendered":"http:\/\/differentialdiagnose.gerndesign.de\/?p=1104"},"modified":"2016-07-30T21:00:30","modified_gmt":"2016-07-30T19:00:30","slug":"ach-wie-toll-wird-malmo","status":"publish","type":"post","link":"http:\/\/differentialdiagnose.gerndesign.de\/index.php\/ach-wie-toll-wird-malmo\/","title":{"rendered":"Ach, wie toll wird Malm\u00f6!"},"content":{"rendered":"<p>Ja wir sch\u00e4men uns nicht es zuzugeben \u2013 ab hier m\u00f6chte ich nicht f\u00fcr Hannes reden \u2013 aber Armin, Konrad und ich sind begeisterte ESC Zuschauer. Allerdings nicht auf die fanatische Art und Weise, mit K\u00e4seigeln, F\u00e4hnchen oder Voting-Listen! Keineswegs w\u00fcrden wir da irgendeine gro\u00dfe\u00a0 Sache daraus machen wollen!<\/p>\n<p>Dieses Jahr freut uns besonders, dass der ehemalige \u00bbGrand Prix Eurovision de la Chanson\u00ab wieder in seinem Mutterland Schweden stattfinden wird. Genauer gesagt in Malm\u00f6. Auch Deutschland hat sich bereiterkl\u00e4rt, wieder jemanden hinzuschicken (\u00dcberraschung!), jedoch wird das vorab Voting nicht nach dem Stefan Raab\u2019schen Prinzip der letzten drei Jahren inszeniert werden. Man einigte sich, dass die K\u00fcnstler nicht aus dem P\u00f6bel herangez\u00fcchtet werden sollten, sondern dass man auf \u201emanifestiertere Acts\u201c der Popwelt zur\u00fcckgreifen wolle. Um sich letztendlich zu einigen, wen man nach Malm\u00f6 versendet, wird an dem Abend des 14.02.2013 ein Tele-Voting stattfindet, das euch einerseits de M\u00f6glichkeit zur Abstimmung bietet, wobei ihr andererseits die M\u00f6glichkeit habt schon vorher bei eurer lokalen, \u00f6ffentlich-rechtlichen Rundfunkanstalt zu w\u00e4hlen. <a href=\"http:\/\/ard-voting.de\/esc\/fritz\">Hier zum Beispiel der Link f\u00fcr alle Berliner!<\/a><\/p>\n<p>Aber das Beste kommt zum noch! Am Abend des vierzehnten Februar Zweitausendunddreizehn wird eine Fachjury bestehend aus:<\/p>\n<p>Mary Roos: Die Tante f\u00fcr den fachfrauischen Schlageraspekt<\/p>\n<p>Peter Urban: Die (und das ganz unironisch) ESC aka GPE dl C Experte, dessen Stimme schon Jahrzehnte (ach was sag ich Jahrhunderte) lang den ESC pr\u00e4gte<\/p>\n<p>Anna Loos: Jan Josef Liefers angetraute und Tamara Danz Nachfolgerin bei der Ostrock Band Silly. Mmh&#8230; Expertin f\u00fcr&#8230; Singen<\/p>\n<p>Tim Bendzko: Der Experte f\u00fcr den souligen, melancholischen Friedrichshainer, der wei\u00df, wie\u2019s tickt bei den Jungs und M\u00e4dels zwischen 14 und 29.<\/p>\n<p>dar\u00fcber befinden, wer ESC tauglich ist und wer nicht. Also wird wieder auf alltbewertes zur\u00fcckgegriffen.<\/p>\n<p>Na denn is ja alles klar. Ihr wisst, wo ihr w\u00e4hlen k\u00f6nnt, doch noch gar nicht wen. Dar\u00fcber will ich noch gar nicht so sehr viel erz\u00e4hlen und biete euch hier einfach die M\u00f6glichkeit in die 12 Beitr\u00e4ge reinzuh\u00f6ren: <a href=\"http:\/\/www.eurovision.de\/teilnehmer\/index.html\">http:\/\/www.eurovision.de\/teilnehmer\/index.html<\/a><\/p>\n<p>Viel Spa\u00df dabei<\/p>\n<p>Bis bald und besten Gru\u00df<\/p>\n<p>Philipp<\/p>\n<p>&nbsp;<\/p>\n","protected":false},"excerpt":{"rendered":"<p>Ja wir sch\u00e4men uns nicht es zuzugeben \u2013 ab hier m\u00f6chte ich nicht f\u00fcr Hannes reden \u2013 aber Armin, Konrad und ich sind begeisterte ESC Zuschauer. Allerdings nicht auf die fanatische Art und Weise, mit K\u00e4seigeln, F\u00e4hnchen oder Voting-Listen! Keineswegs w\u00fcrden wir da irgendeine gro\u00dfe\u00a0 Sache daraus machen wollen! Dieses Jahr freut uns besonders, dass &hellip; <\/p>\n<p class=\"link-more\"><a href=\"http:\/\/differentialdiagnose.gerndesign.de\/index.php\/ach-wie-toll-wird-malmo\/\" class=\"more-link\"><span class=\"screen-reader-text\">\u201eAch, wie toll wird Malm\u00f6!\u201c<\/span> weiterlesen<\/a><\/p>\n","protected":false},"author":7,"featured_media":0,"comment_status":"open","ping_status":"open","sticky":false,"template":"","format":"standard","meta":{"jetpack_post_was_ever_published":false,"_jetpack_newsletter_access":"","_jetpack_dont_email_post_to_subs":false,"_jetpack_newsletter_tier_id":0,"_jetpack_memberships_contains_paywalled_content":false,"_jetpack_memberships_contains_paid_content":false,"footnotes":"","jetpack_publicize_message":"","jetpack_publicize_feature_enabled":true,"jetpack_social_post_already_shared":true,"jetpack_social_options":{"image_generator_settings":{"template":"highway","default_image_id":0,"enabled":false},"version":2}},"categories":[5,8,13,354],"tags":[],"class_list":["post-1104","post","type-post","status-publish","format-standard","hentry","category-berlin","category-differentialdiagnose","category-kultur","category-musik","entry"],"jetpack_publicize_connections":[],"jetpack_featured_media_url":"","jetpack_shortlink":"https:\/\/wp.me\/p26TYT-hO","jetpack_sharing_enabled":true,"jetpack-related-posts":[],"_links":{"self":[{"href":"http:\/\/differentialdiagnose.gerndesign.de\/index.php\/wp-json\/wp\/v2\/posts\/1104","targetHints":{"allow":["GET"]}}],"collection":[{"href":"http:\/\/differentialdiagnose.gerndesign.de\/index.php\/wp-json\/wp\/v2\/posts"}],"about":[{"href":"http:\/\/differentialdiagnose.gerndesign.de\/index.php\/wp-json\/wp\/v2\/types\/post"}],"author":[{"embeddable":true,"href":"http:\/\/differentialdiagnose.gerndesign.de\/index.php\/wp-json\/wp\/v2\/users\/7"}],"replies":[{"embeddable":true,"href":"http:\/\/differentialdiagnose.gerndesign.de\/index.php\/wp-json\/wp\/v2\/comments?post=1104"}],"version-history":[{"count":8,"href":"http:\/\/differentialdiagnose.gerndesign.de\/index.php\/wp-json\/wp\/v2\/posts\/1104\/revisions"}],"predecessor-version":[{"id":1439,"href":"http:\/\/differentialdiagnose.gerndesign.de\/index.php\/wp-json\/wp\/v2\/posts\/1104\/revisions\/1439"}],"wp:attachment":[{"href":"http:\/\/differentialdiagnose.gerndesign.de\/index.php\/wp-json\/wp\/v2\/media?parent=1104"}],"wp:term":[{"taxonomy":"category","embeddable":true,"href":"http:\/\/differentialdiagnose.gerndesign.de\/index.php\/wp-json\/wp\/v2\/categories?post=1104"},{"taxonomy":"post_tag","embeddable":true,"href":"http:\/\/differentialdiagnose.gerndesign.de\/index.php\/wp-json\/wp\/v2\/tags?post=1104"}],"curies":[{"name":"wp","href":"https:\/\/api.w.org\/{rel}","templated":true}]}}