{"id":1056,"date":"2012-11-05T22:56:01","date_gmt":"2012-11-05T20:56:01","guid":{"rendered":"http:\/\/differentialdiagnose.gerndesign.de\/?p=1056"},"modified":"2012-11-05T22:57:13","modified_gmt":"2012-11-05T20:57:13","slug":"die-lehre-vom-wickeln-des-tuches","status":"publish","type":"post","link":"http:\/\/differentialdiagnose.gerndesign.de\/index.php\/die-lehre-vom-wickeln-des-tuches\/","title":{"rendered":"Die Lehre vom Wickeln des Tuches"},"content":{"rendered":"<p>Ist man eine gute Mutter, so wickelt man sein Kind m\u00f6glichst aufw\u00e4ndig irgendwie an seinem K\u00f6rper fest, habe ich gelernt. Wer nicht schleppt ist eine Rabenmutter, so lautet die einhellige Meinung der Prenzlauer Berger M\u00fctter. Was das f\u00fcr die einzelne Mutter, das Individuum sozusagen, f\u00fcr schwerwiegende Folgen haben kann, interessiert dabei keinen, so scheint es.<br \/>\nUm nun dem ungeschriebenen Gesetz der Stra\u00dfe (Kollwitzstra\u00dfe) Folge zu leisten, bestellte ich schon weit vor der Geburt des Kindes ein Tragetuch. Mokkabraun dachte ich&#8230; da dachte ich noch Kinderkacke ist braun. Ist sie aber nicht, nur so nebenbei, sieht aus wie K\u00fcrbissuppe&#8230;jedenfalls Mokkabraun. Super Sache, vier Meter gutes Gewissen.<br \/>\nAls das Kind nun da war, konnte ich es kaum erwarten das kleine unschuldige B\u00fcndel Leben, bei 40\u00b0C Au\u00dfentemperatur an mich zu binden (das Bild ergab sich so).<br \/>\nAlso, zwei Wochen nach der Geburt musste der kleine ran. Klappte auch ganz gut, die ersten drei Wochen habe ich flei\u00dfig getragen, das Kind schlief flei\u00dfig dabei. Alle waren neidisch auf mein ruhiges Kind, ich f\u00fchlte mich sagenhaft perfekt.<br \/>\nWider erwarten nahm der kleine Zwerg nun unverh\u00e4ltnism\u00e4\u00dfig schnell an Gewicht zu. Im ersten Monat schon mal doppelt so viel wie alle anderen. Meine Muskeln kamen nicht hinterher, trotzdem ich mich mutterm\u00e4\u00dfig anstrengte. Zus\u00e4tzlich zu meinen k\u00f6rperlichen Beschwerden kamen, im Zuge der Aus\u00fcbung der Traget\u00e4tigkeit in Kombination mit pr\u00e4natalen Gro\u00dfelternbesuchen, noch mentale Belastungen hinzu. Kritische Uromas k\u00f6nnen hartn\u00e4ckig darauf bestehen, dass man das Kind sch\u00f6n in das bisher jungfr\u00e4uliche Kinderbett legt, viel zu dick verpackt und dann mal ne Runde schreien l\u00e4sst, bis es sich in den Schlaf gebr\u00fcllt hat. Ich lehnte jedoch ebenso hartn\u00e4ckig ab und schmetterte s\u00e4mtliche \u201emir hom drei gro\u00dfgezogen&#8230;\u201c mit \u201eJa, vor 50 Jahren\u201c ab. Kam mir gleichzeitig respektlos und unheimlich muttertierm\u00e4\u00dfig vor. Ein Gef\u00fchl, welches sich im laufe der folgenden Monate tief, tief in meine Mutterseele brennen wird. Inzwischen schmettere ich hochprofessionell ab.<br \/>\nZur\u00fcck zum Tragethema. Nachdem der kleine Brocken die 7,8 Kg geknackt hatte, konnte ich nicht mehr, jedenfalls nicht Tragetuch. Ich habe nun einen wenig urinstinktiven Babycarrier, welcher mit un\u00e4sthetischen Schnallen befestigt wird, f\u00fcr deren Anbringung man keinen Applaus erntet. Was man nicht tut f\u00fcr einen intakten R\u00fccken&#8230;.<!--more--><\/p>\n","protected":false},"excerpt":{"rendered":"<p>Ist man eine gute Mutter, so wickelt man sein Kind m\u00f6glichst aufw\u00e4ndig irgendwie an seinem K\u00f6rper fest, habe ich gelernt. Wer nicht schleppt ist eine Rabenmutter, so lautet die einhellige Meinung der Prenzlauer Berger M\u00fctter. Was das f\u00fcr die einzelne Mutter, das Individuum sozusagen, f\u00fcr schwerwiegende Folgen haben kann, interessiert dabei keinen, so scheint es. &hellip; <\/p>\n<p class=\"link-more\"><a href=\"http:\/\/differentialdiagnose.gerndesign.de\/index.php\/die-lehre-vom-wickeln-des-tuches\/\" class=\"more-link\"><span class=\"screen-reader-text\">\u201eDie Lehre vom Wickeln des Tuches\u201c<\/span> weiterlesen<\/a><\/p>\n","protected":false},"author":6,"featured_media":0,"comment_status":"open","ping_status":"open","sticky":false,"template":"","format":"standard","meta":{"jetpack_post_was_ever_published":false,"_jetpack_newsletter_access":"","_jetpack_dont_email_post_to_subs":false,"_jetpack_newsletter_tier_id":0,"_jetpack_memberships_contains_paywalled_content":false,"_jetpack_memberships_contains_paid_content":false,"footnotes":"","jetpack_publicize_message":"","jetpack_publicize_feature_enabled":true,"jetpack_social_post_already_shared":false,"jetpack_social_options":{"image_generator_settings":{"template":"highway","default_image_id":0,"enabled":false},"version":2}},"categories":[8],"tags":[],"class_list":["post-1056","post","type-post","status-publish","format-standard","hentry","category-differentialdiagnose","entry"],"jetpack_publicize_connections":[],"jetpack_featured_media_url":"","jetpack_shortlink":"https:\/\/wp.me\/p26TYT-h2","jetpack_sharing_enabled":true,"jetpack-related-posts":[],"_links":{"self":[{"href":"http:\/\/differentialdiagnose.gerndesign.de\/index.php\/wp-json\/wp\/v2\/posts\/1056","targetHints":{"allow":["GET"]}}],"collection":[{"href":"http:\/\/differentialdiagnose.gerndesign.de\/index.php\/wp-json\/wp\/v2\/posts"}],"about":[{"href":"http:\/\/differentialdiagnose.gerndesign.de\/index.php\/wp-json\/wp\/v2\/types\/post"}],"author":[{"embeddable":true,"href":"http:\/\/differentialdiagnose.gerndesign.de\/index.php\/wp-json\/wp\/v2\/users\/6"}],"replies":[{"embeddable":true,"href":"http:\/\/differentialdiagnose.gerndesign.de\/index.php\/wp-json\/wp\/v2\/comments?post=1056"}],"version-history":[{"count":3,"href":"http:\/\/differentialdiagnose.gerndesign.de\/index.php\/wp-json\/wp\/v2\/posts\/1056\/revisions"}],"predecessor-version":[{"id":1060,"href":"http:\/\/differentialdiagnose.gerndesign.de\/index.php\/wp-json\/wp\/v2\/posts\/1056\/revisions\/1060"}],"wp:attachment":[{"href":"http:\/\/differentialdiagnose.gerndesign.de\/index.php\/wp-json\/wp\/v2\/media?parent=1056"}],"wp:term":[{"taxonomy":"category","embeddable":true,"href":"http:\/\/differentialdiagnose.gerndesign.de\/index.php\/wp-json\/wp\/v2\/categories?post=1056"},{"taxonomy":"post_tag","embeddable":true,"href":"http:\/\/differentialdiagnose.gerndesign.de\/index.php\/wp-json\/wp\/v2\/tags?post=1056"}],"curies":[{"name":"wp","href":"https:\/\/api.w.org\/{rel}","templated":true}]}}